{"id":127719,"date":"2020-06-17T08:46:00","date_gmt":"2020-06-17T06:46:00","guid":{"rendered":"http:\/\/www.pivovary.info\/?p=127719"},"modified":"2025-01-28T13:09:33","modified_gmt":"2025-01-28T12:09:33","slug":"zamecky-pivovar-manetin-2-2-15","status":"publish","type":"post","link":"https:\/\/www.pivovary.info\/?p=127719","title":{"rendered":"Zanikl\u00e9 minipivovary &#8211; 1. chodsk\u00fd pivov\u00e1rek na Morav\u011b \u0160itbo\u0159ice"},"content":{"rendered":"<table style=\"height: 763px;\" border=\"0\" width=\"483\" cellspacing=\"0\" cellpadding=\"0\" bgcolor=\"#ffffff\">\n<tbody>\n<tr>\n<td colspan=\"2\" align=\"center\" width=\"100%\" height=\"24\"><img decoding=\"async\" class=\"ngg-singlepic ngg-center\" src=\"https:\/\/www.pivovary.info\/wp-content\/gallery\/galerie-1-chodskeho-pivovarku-na-morave-sitborice\/sitborice_budova01.jpg\" alt=\"\"><\/td>\n<\/tr>\n<tr>\n<td style=\"text-align: center;\" bgcolor=\"#ffffff\" width=\"50%\" height=\"87\">&nbsp;&nbsp;<\/p>\n<p style=\"text-align: center;\">&nbsp;<a class=\"fasc-button fasc-size-small fasc-type-popout fasc-rounded-medium\" style=\"background-color: #ffffff; color: #000000;\" href=\"https:\/\/www.pivovary.info\/?page_id=127713\"><img loading=\"lazy\" decoding=\"async\" class=\"alignnone\" src=\"https:\/\/www.pivovary.info\/wp-content\/gallery\/galerie-1-chodskeho-pivovarku-na-morave-sitborice\/ftg-0417-prvni-chodsky-pivovarek4.jpg\" alt=\"\" width=\"54\" height=\"38\" align=\"absmiddle\" border=\"0\">&nbsp; fotogalerie<\/a><\/p>\n<\/td>\n<td bgcolor=\"#ffffff\" width=\"50%\" height=\"87\">\n<p align=\"center\"><iframe loading=\"lazy\" style=\"border: none;\" src=\"https:\/\/frame.mapy.cz\/s\/fomofajefe\" width=\"300\" height=\"500\" frameborder=\"0\"><\/iframe><\/p>\n<\/td>\n<\/tr>\n<tr>\n<td style=\"text-align: left;\" colspan=\"2\" bgcolor=\"#ffffff\" width=\"100%\" height=\"24\">&nbsp;<\/p>\n<p><strong>Historie:<\/strong><\/p>\n<ul>\n<li>\nV ofici\u00e1ln\u00edm provozu od 1.5.2012. Technologie je um\u00edst\u011bna v hospod\u00e1\u0159sk\u00e9m p\u0159\u00edstavku vesnick\u00e9ho statku. Pivo v kv\u011btnu 2012 nab\u00edzeno v brn\u011bnsk\u00e9 pizzerii Pizzan a v PET lahv\u00edch v prodejn\u011b Sv\u011bt piva v Brn\u011b.<\/li>\n<li>V kv\u011btnu 2012 se v brn\u011bnsk\u00e9 restauraci Pizzan \u010depovalo pivo Kulak 12\u00b0 (0,5 l za 33 K\u010d).<br \/>\nDne 29.9.2013 v prodeji 1 l PET lahve &#8211; Kulak Chmelov\u00e9 (s chmelovou \u0161i\u0161kou p\u0159\u00edmo v lahvi) a Kulak Mandlov\u00e9 (s mandl\u00ed p\u0159\u00edmo v lahvi).<\/li>\n<\/ul>\n<p><img decoding=\"async\" class=\"ngg-singlepicngg-center alignleft\" src=\"https:\/\/www.pivovary.info\/wp-content\/gallery\/galerie-1-chodskeho-pivovarku-na-morave-sitborice\/logositborice.jpg\" alt=\"\"><\/p>\n<ul>\n<li>Majitel 11 let pracoval v b\u00fdval\u00e9m pivovaru v Doma\u017elic\u00edch, po odst\u011bhov\u00e1n\u00ed do Brna byl pak n\u011bjakou dobu zam\u011bstnancem Starobrna. V roce 2011 se odst\u011bhoval do \u0160itbo\u0159ic a za\u010dal pracovat na sv\u00e9m pivov\u00e1rku. P\u0159ev\u00e1\u017enou v\u011bt\u0161inu prac\u00ed na n\u011bm si ud\u011blal s\u00e1m, rovn\u011b\u017e tak receptury jsou jeho vlastn\u00ed. Na jednu v\u00e1rku lze uva\u0159it 150 litr\u016f. Spilku p\u0159edstavuj\u00ed plastov\u00e9 sudy (5 ks po 220 litrech), pivo dozr\u00e1v\u00e1 v sudech. Slad je z Rajhradu, chmel\u00ed se \u017dateck\u00fdm \u010derve\u0148\u00e1kem a Sl\u00e1dkem. Varn\u00e9 n\u00e1doby p\u0159ipom\u00ednaj\u00ed v\u011bt\u0161\u00ed hrnce, pod kter\u00fdmi se top\u00ed pevn\u00fdmi palivy. Pl\u00e1novan\u00fd sortiment: sv\u011btl\u00e1 \u0160tengar\u00e1ck\u00e1 11\u00b0 (n\u00e1zev dle m\u00edstn\u00edho l\u00e9\u010div\u00e9ho pramene), Kulak 12\u00b0 (pojmenov\u00e1no po b\u00fdval\u00e9m majiteli zdej\u0161\u00edho statku, kter\u00fd byl druh\u00fdm nejv\u011bt\u0161\u00edm sedl\u00e1kem ve vsi), 13\u00b0 karamelov\u00e1 a 15\u00b0 \u0160itbo\u0159ick\u00fd radn\u00ed. V roce 2016 mimo provoz.\n<\/li>\n<\/ul>\n<p>&nbsp;<\/p>\n<p><strong>Majitel\u00e9:<\/strong><br \/>\nJan \u0160lefr<\/p>\n<p><strong>Sl\u00e1dci:<\/strong><br \/>\nJan \u0160lefr<\/td>\n<\/tr>\n<\/tbody>\n<\/table>\n","protected":false},"excerpt":{"rendered":"<p>Majitel 11 let pracoval v b\u00fdval\u00e9m pivovaru v Doma\u017elic\u00edch, po odst\u011bhov\u00e1n\u00ed do Brna byl pak n\u011bjakou dobu zam\u011bstnancem Starobrna. V roce 2011 se odst\u011bhoval do \u0160itbo\u0159ic a za\u010dal pracovat na sv\u00e9m pivov\u00e1rku.<\/p>\n","protected":false},"author":1,"featured_media":152525,"comment_status":"closed","ping_status":"closed","sticky":false,"template":"","format":"standard","meta":{"ngg_post_thumbnail":1615,"footnotes":""},"categories":[189],"tags":[],"class_list":["post-127719","post","type-post","status-publish","format-standard","has-post-thumbnail","hentry","category-historie"],"_links":{"self":[{"href":"https:\/\/www.pivovary.info\/index.php?rest_route=\/wp\/v2\/posts\/127719","targetHints":{"allow":["GET"]}}],"collection":[{"href":"https:\/\/www.pivovary.info\/index.php?rest_route=\/wp\/v2\/posts"}],"about":[{"href":"https:\/\/www.pivovary.info\/index.php?rest_route=\/wp\/v2\/types\/post"}],"author":[{"embeddable":true,"href":"https:\/\/www.pivovary.info\/index.php?rest_route=\/wp\/v2\/users\/1"}],"replies":[{"embeddable":true,"href":"https:\/\/www.pivovary.info\/index.php?rest_route=%2Fwp%2Fv2%2Fcomments&post=127719"}],"version-history":[{"count":0,"href":"https:\/\/www.pivovary.info\/index.php?rest_route=\/wp\/v2\/posts\/127719\/revisions"}],"wp:featuredmedia":[{"embeddable":true,"href":"https:\/\/www.pivovary.info\/index.php?rest_route=\/wp\/v2\/media\/152525"}],"wp:attachment":[{"href":"https:\/\/www.pivovary.info\/index.php?rest_route=%2Fwp%2Fv2%2Fmedia&parent=127719"}],"wp:term":[{"taxonomy":"category","embeddable":true,"href":"https:\/\/www.pivovary.info\/index.php?rest_route=%2Fwp%2Fv2%2Fcategories&post=127719"},{"taxonomy":"post_tag","embeddable":true,"href":"https:\/\/www.pivovary.info\/index.php?rest_route=%2Fwp%2Fv2%2Ftags&post=127719"}],"curies":[{"name":"wp","href":"https:\/\/api.w.org\/{rel}","templated":true}]}}