{"id":186367,"date":"2025-09-23T05:00:00","date_gmt":"2025-09-23T03:00:00","guid":{"rendered":"https:\/\/www.pivovary.info\/?p=186367"},"modified":"2025-09-18T10:05:02","modified_gmt":"2025-09-18T08:05:02","slug":"","status":"publish","type":"post","link":"https:\/\/www.pivovary.info\/?p=186367","title":{"rendered":"Svatov\u00e1clavsk\u00e1 14"},"content":{"rendered":"<p style=\"text-align: left;\"><img loading=\"lazy\" decoding=\"async\" class=\"ngg-singlepicngg-center alignleft\" src=\"https:\/\/www.pivovary.info\/wp-content\/gallery\/Galerie-pivovaru-%C3%9An%C4%9Btice\/unetice_Svatovaclavska14.jpg\" alt=\"\" width=\"224\" height=\"260\"><br \/>\n<em><a style=\"color: #996633;\" href=\"http:\/\/www.zpravy.pivovary.info\/?p=29554\"> \u00dan\u011btick\u00fd pivovar <\/a><\/em><br \/>\nSvat\u00fd V\u00e1clav je nejen patronem \u010desk\u00fdch zem\u00ed, ale tak\u00e9 patronem pivovarn\u00edk\u016f. Proto mu ka\u017edoro\u010dn\u011b k jeho sv\u00e1tku v \u00dan\u011btic\u00edch v\u011bnuj\u00ed speci\u00e1l \u2013 14\u00b0 Svatov\u00e1clavskou.<br \/>\nVa\u0159\u00ed ji tradi\u010dn\u011b na t\u0159i rmuty, aby z\u00edskala pevn\u00e9 t\u011blo, plnost a hloubku, jak\u00e1 se na slavnostn\u00ed pivo slu\u0161\u00ed. A proto\u017ee cht\u011bj\u00ed, aby m\u011bla ka\u017ed\u00fd rok svou vlastn\u00ed tv\u00e1\u0159, obm\u011b\u0148uj\u00ed p\u0159i jej\u00edm chmelen\u00ed odr\u016fdy, kter\u00e9 j\u00ed vtisknou v\u017edy nov\u00fd charakter.<br \/>\nV roce 2025 s\u00e1hli po dvojici americk\u00fdch chmel\u016f Mosaic a Krush. V jejich v\u016fni se snoub\u00ed t\u00f3ny tropick\u00e9ho ovoce, \u0161\u0165avnat\u00fdch hru\u0161ek a broskv\u00ed s jemn\u00fdmi citrusov\u00fdmi akcenty.<br \/>\nVe spojen\u00ed s \u010desk\u00fdm sladem vznik\u00e1 harmonie chut\u00ed \u2013 pivo sou\u010dasn\u011b sv\u011b\u017e\u00ed i tradi\u010dn\u00ed, slavnostn\u00ed a p\u0159esto kr\u00e1sn\u011b piteln\u00e9.<\/p>\n<p>&nbsp;<\/p>\n","protected":false},"excerpt":{"rendered":"<p>\u00dan\u011btick\u00fd pivovar Svat\u00fd V\u00e1clav je nejen patronem \u010desk\u00fdch zem\u00ed, ale tak\u00e9 patronem pivovarn\u00edk\u016f. Proto mu ka\u017edoro\u010dn\u011b k jeho sv\u00e1tku v \u00dan\u011btic\u00edch v\u011bnuj\u00ed speci\u00e1l \u2013 14\u00b0 Svatov\u00e1clavskou. Va\u0159\u00ed ji tradi\u010dn\u011b na t\u0159i rmuty, aby z\u00edskala&#46;&#46;&#46;<\/p>\n","protected":false},"author":1,"featured_media":186371,"comment_status":"closed","ping_status":"closed","sticky":false,"template":"","format":"standard","meta":{"ngg_post_thumbnail":30520,"footnotes":""},"categories":[3,286],"tags":[145],"class_list":["post-186367","post","type-post","status-publish","format-standard","has-post-thumbnail","hentry","category-monitoring-pivovarskych-zprav","category-news","tag-unetice"],"_links":{"self":[{"href":"https:\/\/www.pivovary.info\/index.php?rest_route=\/wp\/v2\/posts\/186367","targetHints":{"allow":["GET"]}}],"collection":[{"href":"https:\/\/www.pivovary.info\/index.php?rest_route=\/wp\/v2\/posts"}],"about":[{"href":"https:\/\/www.pivovary.info\/index.php?rest_route=\/wp\/v2\/types\/post"}],"author":[{"embeddable":true,"href":"https:\/\/www.pivovary.info\/index.php?rest_route=\/wp\/v2\/users\/1"}],"replies":[{"embeddable":true,"href":"https:\/\/www.pivovary.info\/index.php?rest_route=%2Fwp%2Fv2%2Fcomments&post=186367"}],"version-history":[{"count":0,"href":"https:\/\/www.pivovary.info\/index.php?rest_route=\/wp\/v2\/posts\/186367\/revisions"}],"wp:featuredmedia":[{"embeddable":true,"href":"https:\/\/www.pivovary.info\/index.php?rest_route=\/wp\/v2\/media\/186371"}],"wp:attachment":[{"href":"https:\/\/www.pivovary.info\/index.php?rest_route=%2Fwp%2Fv2%2Fmedia&parent=186367"}],"wp:term":[{"taxonomy":"category","embeddable":true,"href":"https:\/\/www.pivovary.info\/index.php?rest_route=%2Fwp%2Fv2%2Fcategories&post=186367"},{"taxonomy":"post_tag","embeddable":true,"href":"https:\/\/www.pivovary.info\/index.php?rest_route=%2Fwp%2Fv2%2Ftags&post=186367"}],"curies":[{"name":"wp","href":"https:\/\/api.w.org\/{rel}","templated":true}]}}