{"id":197915,"date":"2026-05-01T05:00:00","date_gmt":"2026-05-01T03:00:00","guid":{"rendered":"https:\/\/www.pivovary.info\/?p=197915"},"modified":"2026-04-25T08:39:05","modified_gmt":"2026-04-25T06:39:05","slug":"176442-8","status":"publish","type":"post","link":"https:\/\/www.pivovary.info\/?p=197915","title":{"rendered":""},"content":{"rendered":"<div style=\"width:30%;padding:0 10pt 0 0;float:left;\">\n<img loading=\"lazy\" decoding=\"async\" class=\"ngg-singlepicngg-center\" src=\"https:\/\/www.vecerni-praha.cz\/wp-content\/uploads\/2020\/10\/pivo-ilustracni-300x200.jpg\" alt=\"\" width=\"139\" height=\"71\"><br \/>\n<a href=\"https:\/\/www.vecerni-praha.cz\/pet-pivnich-zajimavosti-z-plzne-vedeli-jste-ze-vez-pivovaru-stoji-na-miste-sibenice-kde-obesili-kozinu\/\"><strong>P\u011bt pivn\u00edch zaj\u00edmavost\u00ed z Plzn\u011b: V\u011bd\u011bli jste, \u017ee v\u011b\u017e pivovaru stoj\u00ed na m\u00edst\u011b \u0161ibenice, kde ob\u011bsili Kozinu?<\/strong><\/a><\/div>\n<div style=\"width:30%;padding:0 10pt 0 0;float:left;\">\n<img loading=\"lazy\" decoding=\"async\" class=\"ngg-singlepicngg-center\" src=\"https:\/\/radiozurnal.rozhlas.cz\/sites\/default\/files\/styles\/cro_16x9_tablet\/public\/images\/03917578.jpeg?itok=9CYKvUwC\" alt=\"\" width=\"139\" height=\"71\"><br \/>\n<a href=\"https:\/\/radiozurnal.rozhlas.cz\/belgicky-pivni-vikend-je-pro-znalce-a-pivni-gurmany-brani-se-belgicane-srovnani-6203285\"><strong>Belgick\u00fd pivn\u00ed v\u00edkend je pro znalce a pivn\u00ed gurm\u00e1ny, br\u00e1n\u00ed se Belgi\u010dan\u00e9 srovn\u00e1n\u00ed s n\u011bmeck\u00fdm Oktoberfestem<\/strong><\/a><\/div>\n<div style=\u201cwidth:30%;padding:0 10pt 0 0;float:right;\u201c>\n<img loading=\"lazy\" decoding=\"async\" class=\"ngg-singlepicngg-center\" src=\"https:\/\/www.pivovary.info\/wp-content\/gallery\/galerie-pivovaru-ceminy\/%C4%8Ceminy-Lud%C4%9Bk-Gasseldorfer-%C5%99%C3%ADjen-2010-07.jpg\" alt=\"\" width=\"139\" height=\"71\"><br \/>\n<a href=\"https:\/\/www.pivovary.info\/?p=59191\"><strong>Po stop\u00e1ch zmizel\u00fdch pivovar\u016f Plze\u0148ska aneb Okol\u00edm M\u011bsta Tou\u0161kova d\u00edl 2.<\/strong><\/a><\/div>\n","protected":false},"excerpt":{"rendered":"<p>P\u011bt pivn\u00edch zaj\u00edmavost\u00ed z Plzn\u011b: V\u011bd\u011bli jste, \u017ee v\u011b\u017e pivovaru stoj\u00ed na m\u00edst\u011b \u0161ibenice, kde ob\u011bsili Kozinu? Belgick\u00fd pivn\u00ed v\u00edkend je pro znalce a pivn\u00ed gurm\u00e1ny, br\u00e1n\u00ed se Belgi\u010dan\u00e9 srovn\u00e1n\u00ed s n\u011bmeck\u00fdm Oktoberfestem Po&#46;&#46;&#46;<\/p>\n","protected":false},"author":1,"featured_media":0,"comment_status":"closed","ping_status":"closed","sticky":false,"template":"","format":"standard","meta":{"ngg_post_thumbnail":0,"footnotes":""},"categories":[189,286,362],"tags":[],"class_list":["post-197915","post","type-post","status-publish","format-standard","hentry","category-historie","category-news","category-tipy"],"_links":{"self":[{"href":"https:\/\/www.pivovary.info\/index.php?rest_route=\/wp\/v2\/posts\/197915","targetHints":{"allow":["GET"]}}],"collection":[{"href":"https:\/\/www.pivovary.info\/index.php?rest_route=\/wp\/v2\/posts"}],"about":[{"href":"https:\/\/www.pivovary.info\/index.php?rest_route=\/wp\/v2\/types\/post"}],"author":[{"embeddable":true,"href":"https:\/\/www.pivovary.info\/index.php?rest_route=\/wp\/v2\/users\/1"}],"replies":[{"embeddable":true,"href":"https:\/\/www.pivovary.info\/index.php?rest_route=%2Fwp%2Fv2%2Fcomments&post=197915"}],"version-history":[{"count":0,"href":"https:\/\/www.pivovary.info\/index.php?rest_route=\/wp\/v2\/posts\/197915\/revisions"}],"wp:attachment":[{"href":"https:\/\/www.pivovary.info\/index.php?rest_route=%2Fwp%2Fv2%2Fmedia&parent=197915"}],"wp:term":[{"taxonomy":"category","embeddable":true,"href":"https:\/\/www.pivovary.info\/index.php?rest_route=%2Fwp%2Fv2%2Fcategories&post=197915"},{"taxonomy":"post_tag","embeddable":true,"href":"https:\/\/www.pivovary.info\/index.php?rest_route=%2Fwp%2Fv2%2Ftags&post=197915"}],"curies":[{"name":"wp","href":"https:\/\/api.w.org\/{rel}","templated":true}]}}