{"id":89117,"date":"2017-03-22T12:50:57","date_gmt":"2017-03-22T11:50:57","guid":{"rendered":"http:\/\/www.zpravy.pivovary.info\/?p=89117"},"modified":"2023-10-27T11:13:34","modified_gmt":"2023-10-27T09:13:34","slug":"vzor-media-107-2-2-2-78-38-643-2-2-2-2-2-2-2","status":"publish","type":"post","link":"https:\/\/www.pivovary.info\/?p=89117","title":{"rendered":"Minipivovary slezsk\u00e9ho Podbeskyd\u00ed"},"content":{"rendered":"<p>Albrechtick\u00fd pivovar by se d\u00e1l za\u0159adit do kategorie \u201edomovarnick\u00fdch\u201c. Je to p\u0159\u00edb\u011bh o po\u010d\u00e1tc\u00edch s hrnci v kuchyni, o nad\u0161en\u00ed, o studiu odborn\u00e9 literatury, o hled\u00e1n\u00ed spr\u00e1vn\u00fdch pom\u011br\u016f, o z\u00e1jmu kamar\u00e1d\u016f, o degustac\u00edch.<\/p>\n<p>Historie pivovaru sah\u00e1 do roku 2010, kdy dva nad\u0161enci u\u010dinili prvn\u00ed kroky k uva\u0159en\u00ed piva, jako\u017eto domovarn\u00edci. Trvalo p\u0159ibli\u017en\u011b dal\u0161\u00ed dva roky k sestaven\u00ed technologie a vylad\u011bn\u00ed receptur. Z d\u016fvodu nedostatku vhodn\u00e9ho m\u00edsta byl pivovar prozat\u00edmn\u011b um\u00edst\u011bn do skladov\u00e9ho are\u00e1lu na okraji m\u011bsta Karvin\u00e1. Pivovar tehdy disponoval varnou o objemu 2,5 hl uva\u0159en\u00e9ho piva na v\u00e1rku.<br \/>\n<img decoding=\"async\" src=\"https:\/\/www.pivovary.info\/wp-content\/gallery\/Galerie-Albrechtick%C3%A9ho-minipivovaru-Karvin%C3%A1\/P1180515.JPG\" alt=\"\" class=\"ngg-singlepicngg-center\"><br \/>\n<img decoding=\"async\" src=\"https:\/\/www.pivovary.info\/wp-content\/gallery\/Galerie-Albrechtick%C3%A9ho-minipivovaru-Karvin%C3%A1\/albrechtice_varna.jpg\" alt=\"\" class=\"ngg-singlepicngg-center\"><\/p>\n<p>V roce 2016 se rozhodli vr\u00e1tit do domovsk\u00fdch Albrechtic. Kdy\u017e se naskytla voln\u00e1 hala v zem\u011bd\u011blsk\u00e9m are\u00e1lu na okraji obce, koupili novou dvoun\u00e1dobovou varnu a k tomu je\u0161t\u011b ced\u00edc\u00ed a v\u00ed\u0159ivou k\u00e1\u010f. Po t\u0159\u00edm\u011bs\u00ed\u010dn\u00ed usilovn\u00e9 pr\u00e1ci mohli za\u010d\u00edt va\u0159it. Kapacita je nyn\u00ed deset hektolitr\u016f na jednu v\u00e1rku.<\/p>\n<p><img decoding=\"async\" src=\"https:\/\/www.pivovary.info\/wp-content\/gallery\/Galerie-Albrechtick%C3%A9ho-minipivovaru-Karvin%C3%A1\/1_albrechtice_Hynek-Rosenbaum-01.jpg\" alt=\"\" class=\"ngg-singlepicngg-center\"><br \/>\n<img decoding=\"async\" src=\"https:\/\/www.pivovary.info\/wp-content\/gallery\/Galerie-Albrechtick%C3%A9ho-minipivovaru-Karvin%C3%A1\/albrechtice_Hynek-Rosenbaum-03.jpg\" alt=\"\" class=\"ngg-singlepicngg-center\"><\/p>\n<p>U pivov\u00e1rku by cht\u011bli m\u00edt je\u0161t\u011b malou prodejnu lahv\u00ed a sud\u016f. Va\u0159\u00ed le\u017e\u00e1ky jeden\u00e1ctku a dvan\u00e1ctku a pak i polotmav\u00fd speci\u00e1l, co\u017e je t\u0159in\u00e1ctka, kter\u00e1 jde na odbyt nejv\u00edce. B\u011bhem ka\u017ed\u00e9 sez\u00f3ny se st\u00e1lou nab\u00eddku sna\u017e\u00ed dopl\u0148ovat speci\u00e1ly. N\u00e1zvy albrechtick\u00fdch piva za\u010d\u00ednaj\u00ed p\u00edsmenem P, co\u017e se v\u00e1\u017ee k m\u00edstu k p\u016fvodu. Majitel\u00e9 toti\u017e bydl\u00ed v \u010d\u00e1sti, kter\u00e1 se jmenuje Pacal\u016fvka, tak\u017ee podle n\u00ed vzniklo prvn\u00ed pivo s n\u00e1zvem Pacan 12\u00b0, pak p\u0159i\u0161la Pszenka 11\u00b0 a v\u0161echny ostatn\u00ed u\u017e nechali ve stejn\u00e9m stylu (Pius 11\u00b0 sv\u011btl\u00e1, polotmav\u00fd speci\u00e1l Pierun 13\u00b0 nebo svrchn\u011b kva\u0161en\u00e1 Pipa 15\u00b0).<\/p>\n\n<p>Pivovar Radas je zcela jin\u00fd p\u0159\u00edb\u011bh. \u00dasp\u011b\u0161n\u00fd podnikatel Rad\u00faz Mohyla ze St\u0159\u00edte\u017ee se prakticky ze dne na den rozhodl, \u017ee si v obci s tis\u00edci obyvateli v podh\u016f\u0159\u00ed Beskyd postav\u00ed sv\u016fj vlastn\u00ed pivovar zvan\u00fd Radas. To bylo v roce 2012.<\/p>\n<p>B\u011bhem jednoho roku vybudoval z vlastn\u00edho domu stoj\u00edc\u00edho p\u0159\u00edmo u frekventovan\u00e9 silnice mezi Fr\u00fddkem-M\u00edstkem a T\u0159incem mal\u00fd pr\u016fmyslov\u00fd pivovar s maxim\u00e1ln\u00ed kapacitou 20 000 hektolitr\u016f. Varna pivovaru je nerezov\u00e1, t\u0159\u00edn\u00e1dobov\u00e1 o objemu 25 hl, pro hlavn\u00ed kva\u0161en\u00ed a dokva\u0161ov\u00e1n\u00ed pivovar pou\u017e\u00edv\u00e1 nerezov\u00e9 cylindrok\u00f3nick\u00e9 tanky o objemu 50 a 75 hl. Poprv\u00e9 se pivo Radas va\u0159ilo dne 13. b\u0159ezna 2013.<br \/>\n<img decoding=\"async\" src=\"https:\/\/www.pivovary.info\/wp-content\/gallery\/galerie-minipivovaru-radas-stritez\/radas_budova.jpg\" alt=\"\" class=\"ngg-singlepicngg-center\"><br \/>\n<img decoding=\"async\" src=\"https:\/\/www.pivovary.info\/wp-content\/gallery\/galerie-minipivovaru-radas-stritez\/radas_varny.jpg\" alt=\"\" class=\"ngg-singlepicngg-center\"><\/p>\n<p>Po \u010dty\u0159ech letech provozu je majitel spokojen s t\u00edm, \u017ee si pivo zna\u010dky Radas vytvo\u0159ilo okruh sv\u00fdch pravideln\u00fdch z\u00e1kazn\u00edk\u016f a odb\u011bratel\u016f. P\u0159ev\u00e1\u017en\u00e1 \u010d\u00e1st produkce jde v\u0161ak mimo region, hlavn\u011b do Polska a na Slovensko. Zahrani\u010dn\u00ed spolupr\u00e1ce pr\u00fd pivovar \u017eiv\u00ed. N\u011bco m\u00e1lo prod\u00e1 \u201ekolem kom\u00edna\u201c a pak tak\u00e9 do obchodn\u00edch \u0159et\u011bzc\u016f (nap\u0159. Globus).<\/p>\n <script async src=\"\/\/pagead2.googlesyndication.com\/pagead\/js\/adsbygoogle.js\"><\/script>\r\n<!-- zpravy -->\r\n<ins class=\"adsbygoogle\"\r\n     style=\"display:block\"\r\n     data-ad-client=\"ca-pub-5694300196982120\"\r\n     data-ad-slot=\"3541247592\"\r\n     data-ad-format=\"auto\"><\/ins>\r\n<script>\r\n(adsbygoogle = window.adsbygoogle || []).push({});\r\n<\/script>\n<p>Kr\u00e9do pivovaru zn\u00ed \u201eBeskydsk\u00e9 a na\u0161e\u201c. Dle majitele to znamen\u00e1, \u017ee pivo ze St\u0159\u00edte\u017ee m\u00e1 b\u00fdt po\u0159\u00e1dn\u011b ho\u0159k\u00e9 a \u0159\u00edzn\u00e9 tak, jak tomu v Beskydech kdysi b\u00fdvalo. Vsadili zde na princip rodinn\u00e9ho podniku, syn se nau\u010dil pivo va\u0159it, man\u017eelka a dcera pom\u00e1haj\u00ed s \u00fa\u010detnictv\u00edm a marketingem.<\/p>\n<p><img decoding=\"async\" src=\"https:\/\/www.pivovary.info\/wp-content\/gallery\/galerie-minipivovaru-radas-stritez\/St%C5%99%C3%ADte%C5%BE-Radas-autor-Vladislav-Kop%C5%99iva-z%C3%A1%C5%99%C3%AD-2013-14.jpg\" alt=\"\" class=\"ngg-singlepicngg-center\"><br \/>\n<img decoding=\"async\" src=\"https:\/\/www.pivovary.info\/wp-content\/gallery\/galerie-minipivovaru-radas-stritez\/radas_tanky.jpg\" alt=\"\" class=\"ngg-singlepicngg-center\"><\/p>\n<p>Co se t\u00fd\u010de sortimentu, ve St\u0159\u00edte\u017ei se v\u017edy dr\u017eeli klasiky. Hlavn\u00ed zna\u010dkou sortimentu je sv\u011btl\u00fd le\u017e\u00e1k, dvan\u00e1ctka s n\u00e1zvem Lys\u00e1 hora. Daleko za n\u00ed je potom sv\u011btl\u00e1 jeden\u00e1ctka a polotmav\u00e1 \u010dtrn\u00e1ctka Radas. Tato piva jsou v nab\u00eddce st\u00e1le, spole\u010dn\u011b s \u0159adou ochucen\u00fdch piv vyr\u00e1b\u011bn\u00fdch p\u0159id\u00e1n\u00edm macer\u00e1t\u016f nej\u010dast\u011bji ovocn\u00e9ho typu.<br \/>\n<\/p>\n<p>\u00dasp\u011bch \u201ekon\u00ed\u010dkovsk\u00e9ho\u201c piva je zase jin\u00fd p\u0159\u00edb\u011bh, snad trochu kombinac\u00ed svou v\u00fd\u0161e zm\u00edn\u011bn\u00fdch.<\/p>\n<p>Mojm\u00edr Velk\u00fd po absolvov\u00e1n\u00ed pivovarnick\u00e9 \u0161koly a n\u00e1sledn\u00e9m p\u016fsoben\u00ed v nedalek\u00e9 no\u0161ovick\u00e9 sladovn\u011b se v roce 2006 rozhodl v podbeskydsk\u00e9 obci Vojkovice vybudovat vlastn\u00ed pivovar. P\u0159esn\u011b 2. 6. 2006 byla slavnostn\u011b uva\u0159ena prvn\u00ed v\u00e1rka v 2,5 hl v\u00e1rn\u011b nov\u00e9ho minipivovaru Kon\u00ed\u010dek. Za m\u011bs\u00edc se nov\u00e1 pivn\u00ed zna\u010dka Ryz\u00e1k 11% objevila v mate\u0159sk\u00e9m hostinci U Kon\u00ed\u010dka. V m\u011bs\u00edci srpnu sl\u00e1dek uva\u0159il prvn\u00ed v\u00e1rku tmav\u00e9 jeden\u00e1ctky Vran\u00edk, na V\u00e1noce t\u00e9ho\u017e roku p\u0159ibyl do st\u00e1l\u00e9ho sortimentu polotmav\u00fd speci\u00e1l Gro\u0161\u00e1k 14%.<\/p>\n<p>Z\u00e1jem o zdej\u0161\u00ed pivo rostl, p\u016fvodn\u00ed budova zanedlouho p\u0159estala kapacitn\u011b sta\u010dit. Roku 2009 proto byla ve vedlej\u0161\u00edm p\u0159ilehl\u00e9m dom\u011b vybudov\u00e1na spilka a le\u017e\u00e1ck\u00fd sklep, p\u0159i\u010dem\u017e i kapacita varny byla nav\u00fd\u0161en\u00e1 na 5 hl.<\/p>\n<p>Vojkovick\u00e9 pivo z\u00edskalo v\u011bhlas a st\u00e1le \u010dast\u011bji jste se s n\u00edm mohli setkat v hostinc\u00edch regionu.<\/p>\n<p>Z\u00e1sadn\u00ed roz\u0161\u00ed\u0159en\u00ed prob\u011bhlo v roku 2013, kdy se rozjela \u00fapln\u011b nov\u00e1 v\u00fdroba piva v modern\u00edm a kapacitn\u011b v\u011bt\u0161\u00edm pivovaru. Byla vybudov\u00e1na nov\u00e1 varna o objemu 20 hl a k tomu spilka o kapacit\u011b 160 hl a le\u017e\u00e1ck\u00fd sklep o objemu 480 hl piva ve zr\u00e1n\u00ed.<\/p>\n<p><img decoding=\"async\" src=\"https:\/\/www.pivovary.info\/wp-content\/gallery\/galerie-minipivovaru-konicek-vojkovice\/vojkovice_budova.jpg\" alt=\"\" class=\"ngg-singlepicngg-center\"><br \/>\n<img decoding=\"async\" src=\"https:\/\/www.pivovary.info\/wp-content\/gallery\/galerie-minipivovaru-konicek-vojkovice\/vojkovice-22910-novy-lezacky-sklep.jpg\" alt=\"\" class=\"ngg-singlepicngg-center\"><\/p>\n<p>N\u011bjakou dobu prob\u00edhala v\u00fdroba ve dvou varn\u00e1ch, p\u016fvodn\u00ed minipivovar ukon\u010dil v\u00fdrobu na podzim roku 2013. Na ja\u0159e roku 2014 prob\u011bhla rozs\u00e1hla rekonstrukce a obm\u011bna p\u016fvodn\u00ed technologie, instalovala se nov\u00e1 spilka a le\u017e\u00e1ck\u00e9 tanky, kter\u00e9 slou\u017e\u00ed jako v\u00fd\u010depn\u00ed tanky pro hostinec U Kon\u00ed\u010dka.<\/p>\n<p>V roce 2015 pivovar dostav\u011bl sklady a modern\u00ed st\u00e1\u010d\u00edrnu sud\u016f a lahv\u00ed. Ro\u010dn\u00ed v\u00fdstav se pohybuje nyn\u00ed okolo  9 000 hektolitr\u016f piva za rok, \u010d\u00e1st produkce m\u00ed\u0159\u00ed i na Slovensko a do Polska.<\/p>\n<p>V listopadu 2016 koupil Mojm\u00edr Velk\u00fd objekt dvora s p\u0159ilehl\u00fdmi parcelami v centru Vojkovic p\u0159i hlavn\u00ed silnici mezi \u010cesk\u00fdm T\u011b\u0161\u00ednem a Fr\u00fddkem-M\u00edstkem. Sou\u010dasn\u00fd are\u00e1l pivovaru ji\u017e toti\u017e nedisponoval dostatkem prostoru pro dal\u0161\u00ed rozvoj a nav\u00fd\u0161en\u00ed v\u00fdstavu pivovaru.<\/p>\n<p><img decoding=\"async\" src=\"https:\/\/www.pivovary.info\/wp-content\/gallery\/galerie-minipivovaru-konicek-vojkovice\/Vojkovice-autor-Roman-Nedbal-%C4%8Derven-2012.jpg\" alt=\"\" class=\"ngg-singlepicngg-center\"><br \/>\n<img decoding=\"async\" src=\"https:\/\/www.pivovary.info\/wp-content\/gallery\/galerie-minipivovaru-konicek-vojkovice\/vojkovice_technologie-Hynek-Rosenbaum%E2%80%8E01.jpg\" alt=\"\" class=\"ngg-singlepicngg-center\"><\/p>\n<p>V pr\u016fb\u011bhu n\u011bkolika m\u00e1lo m\u011bs\u00edc\u016f se zde kompletn\u011b rekonstruovala prodejna potravin a masa, obnovily prostory b\u00fdval\u00e9 pivnice, opravila se b\u00fdval\u00e1 vr\u00e1tnice, ze kter\u00e9 se vytvo\u0159il prostor pro prodejnu piva \u201eKo\u0148ot\u00e9ka\u201c. Prodej piva se od 1. 3. 2017 p\u0159esunul z pivovaru do Kon\u00ed\u010dkova dvoru (1 km vzd\u00e1len\u00fd are\u00e1l). Kon\u00ed\u010dk\u016fv dv\u016fr ve Vojkovic\u00edch byl ofici\u00e1ln\u011b otev\u0159en dne 7. 3. 2017.<\/p>\n<p>(zdroj: Patriot Magaz\u00edn, weby pivovar\u016f)<\/p>\n","protected":false},"excerpt":{"rendered":"<p>Albrechtick\u00fd pivovar by se d\u00e1l za\u0159adit do kategorie \u201edomovarnick\u00fdch\u201c. Je to p\u0159\u00edb\u011bh o po\u010d\u00e1tc\u00edch s hrnci v kuchyni, o nad\u0161en\u00ed, o studiu odborn\u00e9 literatury, o hled\u00e1n\u00ed spr\u00e1vn\u00fdch pom\u011br\u016f, o z\u00e1jmu kamar\u00e1d\u016f, o degustac\u00edch. Historie&#46;&#46;&#46;<\/p>\n","protected":false},"author":1,"featured_media":146329,"comment_status":"closed","ping_status":"closed","sticky":false,"template":"","format":"standard","meta":{"ngg_post_thumbnail":6188,"footnotes":""},"categories":[262],"tags":[],"class_list":["post-89117","post","type-post","status-publish","format-standard","has-post-thumbnail","hentry","category-pivni-toulky"],"_links":{"self":[{"href":"https:\/\/www.pivovary.info\/index.php?rest_route=\/wp\/v2\/posts\/89117","targetHints":{"allow":["GET"]}}],"collection":[{"href":"https:\/\/www.pivovary.info\/index.php?rest_route=\/wp\/v2\/posts"}],"about":[{"href":"https:\/\/www.pivovary.info\/index.php?rest_route=\/wp\/v2\/types\/post"}],"author":[{"embeddable":true,"href":"https:\/\/www.pivovary.info\/index.php?rest_route=\/wp\/v2\/users\/1"}],"replies":[{"embeddable":true,"href":"https:\/\/www.pivovary.info\/index.php?rest_route=%2Fwp%2Fv2%2Fcomments&post=89117"}],"version-history":[{"count":0,"href":"https:\/\/www.pivovary.info\/index.php?rest_route=\/wp\/v2\/posts\/89117\/revisions"}],"wp:featuredmedia":[{"embeddable":true,"href":"https:\/\/www.pivovary.info\/index.php?rest_route=\/wp\/v2\/media\/146329"}],"wp:attachment":[{"href":"https:\/\/www.pivovary.info\/index.php?rest_route=%2Fwp%2Fv2%2Fmedia&parent=89117"}],"wp:term":[{"taxonomy":"category","embeddable":true,"href":"https:\/\/www.pivovary.info\/index.php?rest_route=%2Fwp%2Fv2%2Fcategories&post=89117"},{"taxonomy":"post_tag","embeddable":true,"href":"https:\/\/www.pivovary.info\/index.php?rest_route=%2Fwp%2Fv2%2Ftags&post=89117"}],"curies":[{"name":"wp","href":"https:\/\/api.w.org\/{rel}","templated":true}]}}